{"id":2480,"date":"2025-02-18T12:07:37","date_gmt":"2025-02-18T12:07:37","guid":{"rendered":"https:\/\/feniks.nfz.gov.pl\/?p=2480"},"modified":"2025-10-31T06:39:11","modified_gmt":"2025-10-31T06:39:11","slug":"zawarcie-umowy-na-opieke-koordynowana","status":"publish","type":"post","link":"https:\/\/feniks.nfz.gov.pl\/index.php\/2025\/02\/18\/zawarcie-umowy-na-opieke-koordynowana\/","title":{"rendered":"Zawarcie umowy na Opiek\u0119 Koordynowan\u0105"},"content":{"rendered":"\n<p class=\"wp-block-paragraph\">Podmioty, kt\u00f3re we wniosku o powierzenie grantu zadeklarowa\u0142y zawarcie umowy z NFZ na \u015bwiadczenia w bud\u017cecie powierzonym opieki koordynowanej lub rozszerzenie ju\u017c posiadanej umowy o kolejne grupy dziedzinowe, powinny wcze\u015bniej podpisa\u0107 odpowiedni\u0105 umow\u0119 na realizacj\u0119 tych \u015bwiadcze\u0144.<\/p>\n\n\n\n<p class=\"wp-block-paragraph\">Jest to kluczowe, aby m\u00f3c skutecznie zrealizowa\u0107 cele projektu i zapewni\u0107 zgodno\u015b\u0107 z wnioskiem o przyznanie grantu. Umowa powinna obejmowa\u0107 te \u015bcie\u017cki, kt\u00f3re zosta\u0142y wskazane we wniosku o powierzenie grantu i powinna zosta\u0107 zawarta przed podpisaniem umowy o powierzenie grantu.<\/p>\n\n\n\n<p class=\"wp-block-paragraph\">Poni\u017cej przedstawiamy skr\u00f3tow\u0105 informacj\u0119 dotycz\u0105ca zawierania um\u00f3w w rodzaju POZ w zakresie: \u015bwiadczenia w bud\u017cecie powierzonym opieki koordynowanej.<\/p>\n\n\n\n<p class=\"wp-block-paragraph\">Wi\u0119cej o opiece koordynowanej w POZ zjad\u0105 Pa\u0144stwo pod adresem: <a href=\"http:\/\/www.nfz.gov.pl\/dla-swiadczeniodawcy\/opieka-koordynowana-w-poz\" data-type=\"link\" data-id=\"www.nfz.gov.pl\/dla-swiadczeniodawcy\/opieka-koordynowana-w-poz\">www.nfz.gov.pl\/dla-swiadczeniodawcy\/opieka-koordynowana-w-poz<\/a><\/p>\n\n\n\n<div class=\"wp-block-file\"><a id=\"wp-block-file--media-f351f079-11de-4524-a230-10f8d551f664\" href=\"https:\/\/feniks.nfz.gov.pl\/wp-content\/uploads\/2025\/02\/OK-wniosek-o-zawarcie-umowy-1.pdf\"><img loading=\"lazy\" decoding=\"async\" width=\"35\" height=\"35\" class=\"wp-image-999\" style=\"width: 35px;\" src=\"https:\/\/feniks.nfz.gov.pl\/wp-content\/uploads\/2025\/01\/acrobat-logo1.jpg\" alt=\"\" srcset=\"https:\/\/feniks.nfz.gov.pl\/wp-content\/uploads\/2025\/01\/acrobat-logo1.jpg 474w, https:\/\/feniks.nfz.gov.pl\/wp-content\/uploads\/2025\/01\/acrobat-logo1-300x300.jpg 300w, https:\/\/feniks.nfz.gov.pl\/wp-content\/uploads\/2025\/01\/acrobat-logo1-150x150.jpg 150w\" sizes=\"auto, (max-width: 35px) 100vw, 35px\" \/> Opieka Koordynowana wniosek o zawarcie umowy<\/a><\/div>\n\n\n\n<p class=\"wp-block-paragraph\"><\/p>\n","protected":false},"excerpt":{"rendered":"<p>Podmioty, kt\u00f3re we wniosku o powierzenie grantu zadeklarowa\u0142y zawarcie umowy z NFZ na \u015bwiadczenia w bud\u017cecie powierzonym opieki koordynowanej lub rozszerzenie ju\u017c posiadanej umowy o kolejne grupy dziedzinowe, powinny wcze\u015bniej podpisa\u0107 odpowiedni\u0105 umow\u0119 na realizacj\u0119 tych \u015bwiadcze\u0144. Jest to kluczowe, aby m\u00f3c skutecznie zrealizowa\u0107 cele projektu i zapewni\u0107 zgodno\u015b\u0107 z wnioskiem o przyznanie grantu. Umowa [&hellip;]<\/p>\n","protected":false},"author":1,"featured_media":0,"comment_status":"closed","ping_status":"open","sticky":false,"template":"","format":"standard","meta":{"_crdt_document":"","footnotes":""},"categories":[2],"tags":[],"class_list":["post-2480","post","type-post","status-publish","format-standard","hentry","category-aktualnosci"],"_links":{"self":[{"href":"https:\/\/feniks.nfz.gov.pl\/index.php\/wp-json\/wp\/v2\/posts\/2480","targetHints":{"allow":["GET"]}}],"collection":[{"href":"https:\/\/feniks.nfz.gov.pl\/index.php\/wp-json\/wp\/v2\/posts"}],"about":[{"href":"https:\/\/feniks.nfz.gov.pl\/index.php\/wp-json\/wp\/v2\/types\/post"}],"author":[{"embeddable":true,"href":"https:\/\/feniks.nfz.gov.pl\/index.php\/wp-json\/wp\/v2\/users\/1"}],"replies":[{"embeddable":true,"href":"https:\/\/feniks.nfz.gov.pl\/index.php\/wp-json\/wp\/v2\/comments?post=2480"}],"version-history":[{"count":4,"href":"https:\/\/feniks.nfz.gov.pl\/index.php\/wp-json\/wp\/v2\/posts\/2480\/revisions"}],"predecessor-version":[{"id":2487,"href":"https:\/\/feniks.nfz.gov.pl\/index.php\/wp-json\/wp\/v2\/posts\/2480\/revisions\/2487"}],"wp:attachment":[{"href":"https:\/\/feniks.nfz.gov.pl\/index.php\/wp-json\/wp\/v2\/media?parent=2480"}],"wp:term":[{"taxonomy":"category","embeddable":true,"href":"https:\/\/feniks.nfz.gov.pl\/index.php\/wp-json\/wp\/v2\/categories?post=2480"},{"taxonomy":"post_tag","embeddable":true,"href":"https:\/\/feniks.nfz.gov.pl\/index.php\/wp-json\/wp\/v2\/tags?post=2480"}],"curies":[{"name":"wp","href":"https:\/\/api.w.org\/{rel}","templated":true}]}}